{"id":2107,"date":"2026-04-04T18:00:27","date_gmt":"2026-04-04T16:00:27","guid":{"rendered":"https:\/\/coralgiuseppeverdi.com.br\/?p=2107"},"modified":"2026-04-05T13:11:52","modified_gmt":"2026-04-05T11:11:52","slug":"sabato-santo-veglia-pasquale-nella-notte-santa","status":"publish","type":"post","link":"https:\/\/coralgiuseppeverdi.com.br\/it\/2026\/04\/04\/sabato-santo-veglia-pasquale-nella-notte-santa\/","title":{"rendered":"SABATO SANTO &#8211; VEGLIA PASQUALE NELLA NOTTE SANTA"},"content":{"rendered":"<p style=\"text-align: center;\"><img loading=\"lazy\" decoding=\"async\" class=\"alignnone size-large wp-image-1966\" src=\"https:\/\/coralgiuseppeverdi.com.br\/wp-content\/uploads\/2025\/10\/Anuncio-coral-1-1024x175.jpeg\" alt=\"\" width=\"1024\" height=\"175\" srcset=\"https:\/\/coralgiuseppeverdi.com.br\/wp-content\/uploads\/2025\/10\/Anuncio-coral-1-980x168.jpeg 980w, https:\/\/coralgiuseppeverdi.com.br\/wp-content\/uploads\/2025\/10\/Anuncio-coral-1-480x82.jpeg 480w\" sizes=\"(min-width: 0px) and (max-width: 480px) 480px, (min-width: 481px) and (max-width: 980px) 980px, (min-width: 981px) 1024px, 100vw\" \/><\/p>\n<p>&nbsp;<\/p>\n<p>Il 04\/04\/2026, alle 18:00, il Coro Giuseppe Verd\u00ec, diretto da Eduardo Cunha, ha animato la celebrazione della Veglia Pasquale, presieduta da Padre Lucas Ignacio Scheid, SCJ, presso la Chiesa Madre di San Giuseppe, a Botuver\u00e0, Santa Caterina, Brasile.<\/p>\n<p><strong><em>&#8220;La Veglia Pasquale \u00e8 la madre di tutte le veglie. In esso celebriamo, in comunione con le comunit\u00e0 cristiane di tutto il mondo, con l&#8217;umanit\u00e0 e con tutto l&#8217;universo, la Pasqua di Ges\u00f9, il suo passaggio dalla morte alla vita. Esultando, ricordiamo, in questa notte santa, le meraviglie di Dio nella storia, il cui culmine \u00e8 la resurrezione del Signore. Viviamo con profonda gioia le quattro parti di questa veglia: celebrazione della luce, liturgia della Parola, liturgia battesimale e liturgia eucaristica.&#8221;<\/em><\/strong><\/p>\n<p>Fonte: https:\/\/www.paulus.com.br\/portal\/liturgia-diaria\/dia-19-sabado-11\/<\/p>\n<p style=\"text-align: center;\"><img loading=\"lazy\" decoding=\"async\" class=\"alignnone size-large wp-image-2105\" src=\"https:\/\/coralgiuseppeverdi.com.br\/wp-content\/uploads\/2026\/04\/WhatsApp-Image-2026-04-04-at-20.31.26-1-1024x768.jpeg\" alt=\"\" width=\"1024\" height=\"768\" srcset=\"https:\/\/coralgiuseppeverdi.com.br\/wp-content\/uploads\/2026\/04\/WhatsApp-Image-2026-04-04-at-20.31.26-1-1024x768.jpeg 1024w, https:\/\/coralgiuseppeverdi.com.br\/wp-content\/uploads\/2026\/04\/WhatsApp-Image-2026-04-04-at-20.31.26-1-980x735.jpeg 980w, https:\/\/coralgiuseppeverdi.com.br\/wp-content\/uploads\/2026\/04\/WhatsApp-Image-2026-04-04-at-20.31.26-1-480x360.jpeg 480w\" sizes=\"(min-width: 0px) and (max-width: 480px) 480px, (min-width: 481px) and (max-width: 980px) 980px, (min-width: 981px) 1024px, 100vw\" \/><\/p>\n<p>&nbsp;<\/p>\n<p style=\"text-align: center;\"><img loading=\"lazy\" decoding=\"async\" class=\"alignnone size-large wp-image-1968\" src=\"https:\/\/coralgiuseppeverdi.com.br\/wp-content\/uploads\/2025\/10\/Anuncio-coral-01-1024x146.jpeg\" alt=\"\" width=\"1024\" height=\"146\" srcset=\"https:\/\/coralgiuseppeverdi.com.br\/wp-content\/uploads\/2025\/10\/Anuncio-coral-01-980x140.jpeg 980w, https:\/\/coralgiuseppeverdi.com.br\/wp-content\/uploads\/2025\/10\/Anuncio-coral-01-480x68.jpeg 480w\" sizes=\"(min-width: 0px) and (max-width: 480px) 480px, (min-width: 481px) and (max-width: 980px) 980px, (min-width: 981px) 1024px, 100vw\" \/><\/p>\n","protected":false},"excerpt":{"rendered":"<p>&nbsp; Il 04\/04\/2026, alle 18:00, il Coro Giuseppe Verd\u00ec, diretto da Eduardo Cunha, ha animato la celebrazione della Veglia Pasquale, presieduta da Padre Lucas Ignacio Scheid, SCJ, presso la Chiesa Madre di San Giuseppe, a Botuver\u00e0, Santa Caterina, Brasile. &#8220;La Veglia Pasquale \u00e8 la madre di tutte le veglie. In esso celebriamo, in comunione con [&hellip;]<\/p>\n","protected":false},"author":4,"featured_media":0,"comment_status":"closed","ping_status":"open","sticky":false,"template":"","format":"standard","meta":{"_et_pb_use_builder":"","_et_pb_old_content":"","_et_gb_content_width":"","footnotes":""},"categories":[20],"tags":[],"class_list":["post-2107","post","type-post","status-publish","format-standard","hentry","category-news-it"],"yoast_head":"<!-- This site is optimized with the Yoast SEO plugin v27.5 - https:\/\/yoast.com\/product\/yoast-seo-wordpress\/ -->\n<title>SABATO SANTO - VEGLIA PASQUALE NELLA NOTTE SANTA - Coral Giuseppe Verd\u00ec<\/title>\n<meta name=\"robots\" content=\"index, follow, max-snippet:-1, max-image-preview:large, max-video-preview:-1\" \/>\n<link rel=\"canonical\" href=\"https:\/\/coralgiuseppeverdi.com.br\/it\/2026\/04\/04\/sabato-santo-veglia-pasquale-nella-notte-santa\/\" \/>\n<meta property=\"og:locale\" content=\"it_IT\" \/>\n<meta property=\"og:type\" content=\"article\" \/>\n<meta property=\"og:title\" content=\"SABATO SANTO - VEGLIA PASQUALE NELLA NOTTE SANTA - Coral Giuseppe Verd\u00ec\" \/>\n<meta property=\"og:description\" content=\"&nbsp; Il 04\/04\/2026, alle 18:00, il Coro Giuseppe Verd\u00ec, diretto da Eduardo Cunha, ha animato la celebrazione della Veglia Pasquale, presieduta da Padre Lucas Ignacio Scheid, SCJ, presso la Chiesa Madre di San Giuseppe, a Botuver\u00e0, Santa Caterina, Brasile. &#8220;La Veglia Pasquale \u00e8 la madre di tutte le veglie. In esso celebriamo, in comunione con [&hellip;]\" \/>\n<meta property=\"og:url\" content=\"https:\/\/coralgiuseppeverdi.com.br\/it\/2026\/04\/04\/sabato-santo-veglia-pasquale-nella-notte-santa\/\" \/>\n<meta property=\"og:site_name\" content=\"Coral Giuseppe Verd\u00ec\" \/>\n<meta property=\"article:publisher\" content=\"https:\/\/www.facebook.com\/associacaoitalianacoralsaojosedebotuvera\/?locale=sv_SE\" \/>\n<meta property=\"article:published_time\" content=\"2026-04-04T16:00:27+00:00\" \/>\n<meta property=\"article:modified_time\" content=\"2026-04-05T11:11:52+00:00\" \/>\n<meta property=\"og:image\" content=\"https:\/\/coralgiuseppeverdi.com.br\/wp-content\/uploads\/2025\/10\/Anuncio-coral-1.jpeg\" \/>\n\t<meta property=\"og:image:width\" content=\"1600\" \/>\n\t<meta property=\"og:image:height\" content=\"274\" \/>\n\t<meta property=\"og:image:type\" content=\"image\/jpeg\" \/>\n<meta name=\"author\" content=\"FabioMaestri\" \/>\n<meta name=\"twitter:card\" content=\"summary_large_image\" \/>\n<meta name=\"twitter:label1\" content=\"Scritto da\" \/>\n\t<meta name=\"twitter:data1\" content=\"FabioMaestri\" \/>\n\t<meta name=\"twitter:label2\" content=\"Tempo di lettura stimato\" \/>\n\t<meta name=\"twitter:data2\" content=\"2 minuti\" \/>\n<script type=\"application\/ld+json\" class=\"yoast-schema-graph\">{\"@context\":\"https:\\\/\\\/schema.org\",\"@graph\":[{\"@type\":\"Article\",\"@id\":\"https:\\\/\\\/coralgiuseppeverdi.com.br\\\/it\\\/2026\\\/04\\\/04\\\/sabato-santo-veglia-pasquale-nella-notte-santa\\\/#article\",\"isPartOf\":{\"@id\":\"https:\\\/\\\/coralgiuseppeverdi.com.br\\\/it\\\/2026\\\/04\\\/04\\\/sabato-santo-veglia-pasquale-nella-notte-santa\\\/\"},\"author\":{\"name\":\"FabioMaestri\",\"@id\":\"https:\\\/\\\/coralgiuseppeverdi.com.br\\\/it\\\/#\\\/schema\\\/person\\\/ca000c5b2d0f472b84f66861b78dab49\"},\"headline\":\"SABATO SANTO &#8211; VEGLIA PASQUALE NELLA NOTTE SANTA\",\"datePublished\":\"2026-04-04T16:00:27+00:00\",\"dateModified\":\"2026-04-05T11:11:52+00:00\",\"mainEntityOfPage\":{\"@id\":\"https:\\\/\\\/coralgiuseppeverdi.com.br\\\/it\\\/2026\\\/04\\\/04\\\/sabato-santo-veglia-pasquale-nella-notte-santa\\\/\"},\"wordCount\":137,\"publisher\":{\"@id\":\"https:\\\/\\\/coralgiuseppeverdi.com.br\\\/it\\\/#organization\"},\"image\":{\"@id\":\"https:\\\/\\\/coralgiuseppeverdi.com.br\\\/it\\\/2026\\\/04\\\/04\\\/sabato-santo-veglia-pasquale-nella-notte-santa\\\/#primaryimage\"},\"thumbnailUrl\":\"https:\\\/\\\/coralgiuseppeverdi.com.br\\\/wp-content\\\/uploads\\\/2025\\\/10\\\/Anuncio-coral-1-1024x175.jpeg\",\"articleSection\":[\"News\"],\"inLanguage\":\"it-IT\"},{\"@type\":\"WebPage\",\"@id\":\"https:\\\/\\\/coralgiuseppeverdi.com.br\\\/it\\\/2026\\\/04\\\/04\\\/sabato-santo-veglia-pasquale-nella-notte-santa\\\/\",\"url\":\"https:\\\/\\\/coralgiuseppeverdi.com.br\\\/it\\\/2026\\\/04\\\/04\\\/sabato-santo-veglia-pasquale-nella-notte-santa\\\/\",\"name\":\"SABATO SANTO - VEGLIA PASQUALE NELLA NOTTE SANTA - Coral Giuseppe Verd\u00ec\",\"isPartOf\":{\"@id\":\"https:\\\/\\\/coralgiuseppeverdi.com.br\\\/it\\\/#website\"},\"primaryImageOfPage\":{\"@id\":\"https:\\\/\\\/coralgiuseppeverdi.com.br\\\/it\\\/2026\\\/04\\\/04\\\/sabato-santo-veglia-pasquale-nella-notte-santa\\\/#primaryimage\"},\"image\":{\"@id\":\"https:\\\/\\\/coralgiuseppeverdi.com.br\\\/it\\\/2026\\\/04\\\/04\\\/sabato-santo-veglia-pasquale-nella-notte-santa\\\/#primaryimage\"},\"thumbnailUrl\":\"https:\\\/\\\/coralgiuseppeverdi.com.br\\\/wp-content\\\/uploads\\\/2025\\\/10\\\/Anuncio-coral-1-1024x175.jpeg\",\"datePublished\":\"2026-04-04T16:00:27+00:00\",\"dateModified\":\"2026-04-05T11:11:52+00:00\",\"breadcrumb\":{\"@id\":\"https:\\\/\\\/coralgiuseppeverdi.com.br\\\/it\\\/2026\\\/04\\\/04\\\/sabato-santo-veglia-pasquale-nella-notte-santa\\\/#breadcrumb\"},\"inLanguage\":\"it-IT\",\"potentialAction\":[{\"@type\":\"ReadAction\",\"target\":[\"https:\\\/\\\/coralgiuseppeverdi.com.br\\\/it\\\/2026\\\/04\\\/04\\\/sabato-santo-veglia-pasquale-nella-notte-santa\\\/\"]}]},{\"@type\":\"ImageObject\",\"inLanguage\":\"it-IT\",\"@id\":\"https:\\\/\\\/coralgiuseppeverdi.com.br\\\/it\\\/2026\\\/04\\\/04\\\/sabato-santo-veglia-pasquale-nella-notte-santa\\\/#primaryimage\",\"url\":\"https:\\\/\\\/coralgiuseppeverdi.com.br\\\/wp-content\\\/uploads\\\/2025\\\/10\\\/Anuncio-coral-1-1024x175.jpeg\",\"contentUrl\":\"https:\\\/\\\/coralgiuseppeverdi.com.br\\\/wp-content\\\/uploads\\\/2025\\\/10\\\/Anuncio-coral-1-1024x175.jpeg\"},{\"@type\":\"BreadcrumbList\",\"@id\":\"https:\\\/\\\/coralgiuseppeverdi.com.br\\\/it\\\/2026\\\/04\\\/04\\\/sabato-santo-veglia-pasquale-nella-notte-santa\\\/#breadcrumb\",\"itemListElement\":[{\"@type\":\"ListItem\",\"position\":1,\"name\":\"Home\",\"item\":\"https:\\\/\\\/coralgiuseppeverdi.com.br\\\/it\\\/\"},{\"@type\":\"ListItem\",\"position\":2,\"name\":\"SABATO SANTO &#8211; VEGLIA PASQUALE NELLA NOTTE SANTA\"}]},{\"@type\":\"WebSite\",\"@id\":\"https:\\\/\\\/coralgiuseppeverdi.com.br\\\/it\\\/#website\",\"url\":\"https:\\\/\\\/coralgiuseppeverdi.com.br\\\/it\\\/\",\"name\":\"Coral Giuseppe Verd\u00ec\",\"description\":\"Associa\u00e7\u00e3o Italiana Coral S\u00e3o Jos\u00e9 de Botuver\u00e1\",\"publisher\":{\"@id\":\"https:\\\/\\\/coralgiuseppeverdi.com.br\\\/it\\\/#organization\"},\"potentialAction\":[{\"@type\":\"SearchAction\",\"target\":{\"@type\":\"EntryPoint\",\"urlTemplate\":\"https:\\\/\\\/coralgiuseppeverdi.com.br\\\/it\\\/?s={search_term_string}\"},\"query-input\":{\"@type\":\"PropertyValueSpecification\",\"valueRequired\":true,\"valueName\":\"search_term_string\"}}],\"inLanguage\":\"it-IT\"},{\"@type\":\"Organization\",\"@id\":\"https:\\\/\\\/coralgiuseppeverdi.com.br\\\/it\\\/#organization\",\"name\":\"Coral Giuseppe Verd\u00ec ASSOCIAZIONE ITALIANA CORALLO S\u00c3O JOS\u00c9 DE BOTUVER\u00c0\",\"url\":\"https:\\\/\\\/coralgiuseppeverdi.com.br\\\/it\\\/\",\"logo\":{\"@type\":\"ImageObject\",\"inLanguage\":\"it-IT\",\"@id\":\"https:\\\/\\\/coralgiuseppeverdi.com.br\\\/it\\\/#\\\/schema\\\/logo\\\/image\\\/\",\"url\":\"https:\\\/\\\/coralgiuseppeverdi.com.br\\\/wp-content\\\/uploads\\\/2021\\\/06\\\/topo-coral-turismo.png\",\"contentUrl\":\"https:\\\/\\\/coralgiuseppeverdi.com.br\\\/wp-content\\\/uploads\\\/2021\\\/06\\\/topo-coral-turismo.png\",\"width\":1280,\"height\":288,\"caption\":\"Coral Giuseppe Verd\u00ec ASSOCIAZIONE ITALIANA CORALLO S\u00c3O JOS\u00c9 DE BOTUVER\u00c0\"},\"image\":{\"@id\":\"https:\\\/\\\/coralgiuseppeverdi.com.br\\\/it\\\/#\\\/schema\\\/logo\\\/image\\\/\"},\"sameAs\":[\"https:\\\/\\\/www.facebook.com\\\/associacaoitalianacoralsaojosedebotuvera\\\/?locale=sv_SE\",\"https:\\\/\\\/www.instagram.com\\\/coralgiuseppeverdi\\\/\",\"https:\\\/\\\/www.facebook.com\\\/circolobergamaschibotuvera\\\/\",\"https:\\\/\\\/www.instagram.com\\\/circolobotuvera\\\/\"]},{\"@type\":\"Person\",\"@id\":\"https:\\\/\\\/coralgiuseppeverdi.com.br\\\/it\\\/#\\\/schema\\\/person\\\/ca000c5b2d0f472b84f66861b78dab49\",\"name\":\"FabioMaestri\",\"image\":{\"@type\":\"ImageObject\",\"inLanguage\":\"it-IT\",\"@id\":\"https:\\\/\\\/secure.gravatar.com\\\/avatar\\\/69c2caf06d7dd8e768be6f150c70e47ddb829d190d18e09fe28b0a4898dcae65?s=96&d=mm&r=g\",\"url\":\"https:\\\/\\\/secure.gravatar.com\\\/avatar\\\/69c2caf06d7dd8e768be6f150c70e47ddb829d190d18e09fe28b0a4898dcae65?s=96&d=mm&r=g\",\"contentUrl\":\"https:\\\/\\\/secure.gravatar.com\\\/avatar\\\/69c2caf06d7dd8e768be6f150c70e47ddb829d190d18e09fe28b0a4898dcae65?s=96&d=mm&r=g\",\"caption\":\"FabioMaestri\"},\"url\":\"https:\\\/\\\/coralgiuseppeverdi.com.br\\\/it\\\/author\\\/fabiomaestri\\\/\"}]}<\/script>\n<!-- \/ Yoast SEO plugin. -->","yoast_head_json":{"title":"SABATO SANTO - VEGLIA PASQUALE NELLA NOTTE SANTA - Coral Giuseppe Verd\u00ec","robots":{"index":"index","follow":"follow","max-snippet":"max-snippet:-1","max-image-preview":"max-image-preview:large","max-video-preview":"max-video-preview:-1"},"canonical":"https:\/\/coralgiuseppeverdi.com.br\/it\/2026\/04\/04\/sabato-santo-veglia-pasquale-nella-notte-santa\/","og_locale":"it_IT","og_type":"article","og_title":"SABATO SANTO - VEGLIA PASQUALE NELLA NOTTE SANTA - Coral Giuseppe Verd\u00ec","og_description":"&nbsp; Il 04\/04\/2026, alle 18:00, il Coro Giuseppe Verd\u00ec, diretto da Eduardo Cunha, ha animato la celebrazione della Veglia Pasquale, presieduta da Padre Lucas Ignacio Scheid, SCJ, presso la Chiesa Madre di San Giuseppe, a Botuver\u00e0, Santa Caterina, Brasile. &#8220;La Veglia Pasquale \u00e8 la madre di tutte le veglie. In esso celebriamo, in comunione con [&hellip;]","og_url":"https:\/\/coralgiuseppeverdi.com.br\/it\/2026\/04\/04\/sabato-santo-veglia-pasquale-nella-notte-santa\/","og_site_name":"Coral Giuseppe Verd\u00ec","article_publisher":"https:\/\/www.facebook.com\/associacaoitalianacoralsaojosedebotuvera\/?locale=sv_SE","article_published_time":"2026-04-04T16:00:27+00:00","article_modified_time":"2026-04-05T11:11:52+00:00","og_image":[{"width":1600,"height":274,"url":"https:\/\/coralgiuseppeverdi.com.br\/wp-content\/uploads\/2025\/10\/Anuncio-coral-1.jpeg","type":"image\/jpeg"}],"author":"FabioMaestri","twitter_card":"summary_large_image","twitter_misc":{"Scritto da":"FabioMaestri","Tempo di lettura stimato":"2 minuti"},"schema":{"@context":"https:\/\/schema.org","@graph":[{"@type":"Article","@id":"https:\/\/coralgiuseppeverdi.com.br\/it\/2026\/04\/04\/sabato-santo-veglia-pasquale-nella-notte-santa\/#article","isPartOf":{"@id":"https:\/\/coralgiuseppeverdi.com.br\/it\/2026\/04\/04\/sabato-santo-veglia-pasquale-nella-notte-santa\/"},"author":{"name":"FabioMaestri","@id":"https:\/\/coralgiuseppeverdi.com.br\/it\/#\/schema\/person\/ca000c5b2d0f472b84f66861b78dab49"},"headline":"SABATO SANTO &#8211; VEGLIA PASQUALE NELLA NOTTE SANTA","datePublished":"2026-04-04T16:00:27+00:00","dateModified":"2026-04-05T11:11:52+00:00","mainEntityOfPage":{"@id":"https:\/\/coralgiuseppeverdi.com.br\/it\/2026\/04\/04\/sabato-santo-veglia-pasquale-nella-notte-santa\/"},"wordCount":137,"publisher":{"@id":"https:\/\/coralgiuseppeverdi.com.br\/it\/#organization"},"image":{"@id":"https:\/\/coralgiuseppeverdi.com.br\/it\/2026\/04\/04\/sabato-santo-veglia-pasquale-nella-notte-santa\/#primaryimage"},"thumbnailUrl":"https:\/\/coralgiuseppeverdi.com.br\/wp-content\/uploads\/2025\/10\/Anuncio-coral-1-1024x175.jpeg","articleSection":["News"],"inLanguage":"it-IT"},{"@type":"WebPage","@id":"https:\/\/coralgiuseppeverdi.com.br\/it\/2026\/04\/04\/sabato-santo-veglia-pasquale-nella-notte-santa\/","url":"https:\/\/coralgiuseppeverdi.com.br\/it\/2026\/04\/04\/sabato-santo-veglia-pasquale-nella-notte-santa\/","name":"SABATO SANTO - VEGLIA PASQUALE NELLA NOTTE SANTA - Coral Giuseppe Verd\u00ec","isPartOf":{"@id":"https:\/\/coralgiuseppeverdi.com.br\/it\/#website"},"primaryImageOfPage":{"@id":"https:\/\/coralgiuseppeverdi.com.br\/it\/2026\/04\/04\/sabato-santo-veglia-pasquale-nella-notte-santa\/#primaryimage"},"image":{"@id":"https:\/\/coralgiuseppeverdi.com.br\/it\/2026\/04\/04\/sabato-santo-veglia-pasquale-nella-notte-santa\/#primaryimage"},"thumbnailUrl":"https:\/\/coralgiuseppeverdi.com.br\/wp-content\/uploads\/2025\/10\/Anuncio-coral-1-1024x175.jpeg","datePublished":"2026-04-04T16:00:27+00:00","dateModified":"2026-04-05T11:11:52+00:00","breadcrumb":{"@id":"https:\/\/coralgiuseppeverdi.com.br\/it\/2026\/04\/04\/sabato-santo-veglia-pasquale-nella-notte-santa\/#breadcrumb"},"inLanguage":"it-IT","potentialAction":[{"@type":"ReadAction","target":["https:\/\/coralgiuseppeverdi.com.br\/it\/2026\/04\/04\/sabato-santo-veglia-pasquale-nella-notte-santa\/"]}]},{"@type":"ImageObject","inLanguage":"it-IT","@id":"https:\/\/coralgiuseppeverdi.com.br\/it\/2026\/04\/04\/sabato-santo-veglia-pasquale-nella-notte-santa\/#primaryimage","url":"https:\/\/coralgiuseppeverdi.com.br\/wp-content\/uploads\/2025\/10\/Anuncio-coral-1-1024x175.jpeg","contentUrl":"https:\/\/coralgiuseppeverdi.com.br\/wp-content\/uploads\/2025\/10\/Anuncio-coral-1-1024x175.jpeg"},{"@type":"BreadcrumbList","@id":"https:\/\/coralgiuseppeverdi.com.br\/it\/2026\/04\/04\/sabato-santo-veglia-pasquale-nella-notte-santa\/#breadcrumb","itemListElement":[{"@type":"ListItem","position":1,"name":"Home","item":"https:\/\/coralgiuseppeverdi.com.br\/it\/"},{"@type":"ListItem","position":2,"name":"SABATO SANTO &#8211; VEGLIA PASQUALE NELLA NOTTE SANTA"}]},{"@type":"WebSite","@id":"https:\/\/coralgiuseppeverdi.com.br\/it\/#website","url":"https:\/\/coralgiuseppeverdi.com.br\/it\/","name":"Coral Giuseppe Verd\u00ec","description":"Associa\u00e7\u00e3o Italiana Coral S\u00e3o Jos\u00e9 de Botuver\u00e1","publisher":{"@id":"https:\/\/coralgiuseppeverdi.com.br\/it\/#organization"},"potentialAction":[{"@type":"SearchAction","target":{"@type":"EntryPoint","urlTemplate":"https:\/\/coralgiuseppeverdi.com.br\/it\/?s={search_term_string}"},"query-input":{"@type":"PropertyValueSpecification","valueRequired":true,"valueName":"search_term_string"}}],"inLanguage":"it-IT"},{"@type":"Organization","@id":"https:\/\/coralgiuseppeverdi.com.br\/it\/#organization","name":"Coral Giuseppe Verd\u00ec ASSOCIAZIONE ITALIANA CORALLO S\u00c3O JOS\u00c9 DE BOTUVER\u00c0","url":"https:\/\/coralgiuseppeverdi.com.br\/it\/","logo":{"@type":"ImageObject","inLanguage":"it-IT","@id":"https:\/\/coralgiuseppeverdi.com.br\/it\/#\/schema\/logo\/image\/","url":"https:\/\/coralgiuseppeverdi.com.br\/wp-content\/uploads\/2021\/06\/topo-coral-turismo.png","contentUrl":"https:\/\/coralgiuseppeverdi.com.br\/wp-content\/uploads\/2021\/06\/topo-coral-turismo.png","width":1280,"height":288,"caption":"Coral Giuseppe Verd\u00ec ASSOCIAZIONE ITALIANA CORALLO S\u00c3O JOS\u00c9 DE BOTUVER\u00c0"},"image":{"@id":"https:\/\/coralgiuseppeverdi.com.br\/it\/#\/schema\/logo\/image\/"},"sameAs":["https:\/\/www.facebook.com\/associacaoitalianacoralsaojosedebotuvera\/?locale=sv_SE","https:\/\/www.instagram.com\/coralgiuseppeverdi\/","https:\/\/www.facebook.com\/circolobergamaschibotuvera\/","https:\/\/www.instagram.com\/circolobotuvera\/"]},{"@type":"Person","@id":"https:\/\/coralgiuseppeverdi.com.br\/it\/#\/schema\/person\/ca000c5b2d0f472b84f66861b78dab49","name":"FabioMaestri","image":{"@type":"ImageObject","inLanguage":"it-IT","@id":"https:\/\/secure.gravatar.com\/avatar\/69c2caf06d7dd8e768be6f150c70e47ddb829d190d18e09fe28b0a4898dcae65?s=96&d=mm&r=g","url":"https:\/\/secure.gravatar.com\/avatar\/69c2caf06d7dd8e768be6f150c70e47ddb829d190d18e09fe28b0a4898dcae65?s=96&d=mm&r=g","contentUrl":"https:\/\/secure.gravatar.com\/avatar\/69c2caf06d7dd8e768be6f150c70e47ddb829d190d18e09fe28b0a4898dcae65?s=96&d=mm&r=g","caption":"FabioMaestri"},"url":"https:\/\/coralgiuseppeverdi.com.br\/it\/author\/fabiomaestri\/"}]}},"_links":{"self":[{"href":"https:\/\/coralgiuseppeverdi.com.br\/it\/wp-json\/wp\/v2\/posts\/2107","targetHints":{"allow":["GET"]}}],"collection":[{"href":"https:\/\/coralgiuseppeverdi.com.br\/it\/wp-json\/wp\/v2\/posts"}],"about":[{"href":"https:\/\/coralgiuseppeverdi.com.br\/it\/wp-json\/wp\/v2\/types\/post"}],"author":[{"embeddable":true,"href":"https:\/\/coralgiuseppeverdi.com.br\/it\/wp-json\/wp\/v2\/users\/4"}],"replies":[{"embeddable":true,"href":"https:\/\/coralgiuseppeverdi.com.br\/it\/wp-json\/wp\/v2\/comments?post=2107"}],"version-history":[{"count":1,"href":"https:\/\/coralgiuseppeverdi.com.br\/it\/wp-json\/wp\/v2\/posts\/2107\/revisions"}],"predecessor-version":[{"id":2108,"href":"https:\/\/coralgiuseppeverdi.com.br\/it\/wp-json\/wp\/v2\/posts\/2107\/revisions\/2108"}],"wp:attachment":[{"href":"https:\/\/coralgiuseppeverdi.com.br\/it\/wp-json\/wp\/v2\/media?parent=2107"}],"wp:term":[{"taxonomy":"category","embeddable":true,"href":"https:\/\/coralgiuseppeverdi.com.br\/it\/wp-json\/wp\/v2\/categories?post=2107"},{"taxonomy":"post_tag","embeddable":true,"href":"https:\/\/coralgiuseppeverdi.com.br\/it\/wp-json\/wp\/v2\/tags?post=2107"}],"curies":[{"name":"wp","href":"https:\/\/api.w.org\/{rel}","templated":true}]}}