{"id":1772,"date":"2025-07-16T13:05:45","date_gmt":"2025-07-16T11:05:45","guid":{"rendered":"https:\/\/coralgiuseppeverdi.com.br\/?p=1772"},"modified":"2025-07-16T13:09:21","modified_gmt":"2025-07-16T11:09:21","slug":"rivista-bergamaschi-nel-mondo","status":"publish","type":"post","link":"https:\/\/coralgiuseppeverdi.com.br\/it\/2025\/07\/16\/rivista-bergamaschi-nel-mondo\/","title":{"rendered":"Rivista Bergamaschi nel Mondo"},"content":{"rendered":"<p>Rivista Bergamaschi nel Mondo del primo (1\u00b0) semestre del 2025, con il focus delle nostre attivit\u00e0 alle pagine da 10 a 15. \u00c8 importante condividerlo per la conoscenza della nostra comunit\u00e0.<\/p>\n<p>Fonte: <a href=\"https:\/\/www.bergamaschinelmondo.com\/wp-content\/uploads\/2025\/07\/Bergamaschi-nel-mondo-2025-06.pdf\">Bergamaschi nel mondo 2025-06<\/a><\/p>\n<p><img loading=\"lazy\" decoding=\"async\" class=\"alignnone size-large wp-image-1756\" src=\"https:\/\/coralgiuseppeverdi.com.br\/wp-content\/uploads\/2025\/07\/Bergamaschi-nel-mondo-2025-07-1-imagens-0-724x1024.jpg\" alt=\"\" width=\"724\" height=\"1024\" \/> <img loading=\"lazy\" decoding=\"async\" class=\"alignnone size-large wp-image-1758\" src=\"https:\/\/coralgiuseppeverdi.com.br\/wp-content\/uploads\/2025\/07\/Bergamaschi-nel-mondo-2025-07-1-imagens-9-724x1024.jpg\" alt=\"\" width=\"724\" height=\"1024\" \/> <img loading=\"lazy\" decoding=\"async\" class=\"alignnone size-large wp-image-1760\" src=\"https:\/\/coralgiuseppeverdi.com.br\/wp-content\/uploads\/2025\/07\/Bergamaschi-nel-mondo-2025-07-1-imagens-10-724x1024.jpg\" alt=\"\" width=\"724\" height=\"1024\" \/> <img loading=\"lazy\" decoding=\"async\" class=\"alignnone size-large wp-image-1762\" src=\"https:\/\/coralgiuseppeverdi.com.br\/wp-content\/uploads\/2025\/07\/Bergamaschi-nel-mondo-2025-07-1-imagens-11-724x1024.jpg\" alt=\"\" width=\"724\" height=\"1024\" \/> <img loading=\"lazy\" decoding=\"async\" class=\"alignnone size-large wp-image-1764\" src=\"https:\/\/coralgiuseppeverdi.com.br\/wp-content\/uploads\/2025\/07\/Bergamaschi-nel-mondo-2025-07-1-imagens-12-724x1024.jpg\" alt=\"\" width=\"724\" height=\"1024\" \/> <img loading=\"lazy\" decoding=\"async\" class=\"alignnone size-large wp-image-1766\" src=\"https:\/\/coralgiuseppeverdi.com.br\/wp-content\/uploads\/2025\/07\/Bergamaschi-nel-mondo-2025-07-1-imagens-13-724x1024.jpg\" alt=\"\" width=\"724\" height=\"1024\" \/> <img loading=\"lazy\" decoding=\"async\" class=\"alignnone size-large wp-image-1768\" src=\"https:\/\/coralgiuseppeverdi.com.br\/wp-content\/uploads\/2025\/07\/Bergamaschi-nel-mondo-2025-07-1-imagens-14-724x1024.jpg\" alt=\"\" width=\"724\" height=\"1024\" \/> <img loading=\"lazy\" decoding=\"async\" class=\"alignnone size-large wp-image-1773\" src=\"https:\/\/coralgiuseppeverdi.com.br\/wp-content\/uploads\/2025\/07\/Bergamaschi-nel-mondo-2025-07-1-imagens-36-724x1024.jpg\" alt=\"\" width=\"724\" height=\"1024\" \/><\/p>\n","protected":false},"excerpt":{"rendered":"<p>Rivista Bergamaschi nel Mondo del primo (1\u00b0) semestre del 2025, con il focus delle nostre attivit\u00e0 alle pagine da 10 a 15. \u00c8 importante condividerlo per la conoscenza della nostra comunit\u00e0. Fonte: Bergamaschi nel mondo 2025-06<\/p>\n","protected":false},"author":4,"featured_media":0,"comment_status":"closed","ping_status":"open","sticky":false,"template":"","format":"standard","meta":{"_et_pb_use_builder":"","_et_pb_old_content":"","_et_gb_content_width":"","footnotes":""},"categories":[20],"tags":[],"class_list":["post-1772","post","type-post","status-publish","format-standard","hentry","category-news-it"],"yoast_head":"<!-- This site is optimized with the Yoast SEO plugin v27.5 - https:\/\/yoast.com\/product\/yoast-seo-wordpress\/ -->\n<title>Rivista Bergamaschi nel Mondo - Coral Giuseppe Verd\u00ec<\/title>\n<meta name=\"robots\" content=\"index, follow, max-snippet:-1, max-image-preview:large, max-video-preview:-1\" \/>\n<link rel=\"canonical\" href=\"https:\/\/coralgiuseppeverdi.com.br\/it\/2025\/07\/16\/rivista-bergamaschi-nel-mondo\/\" \/>\n<meta property=\"og:locale\" content=\"it_IT\" \/>\n<meta property=\"og:type\" content=\"article\" \/>\n<meta property=\"og:title\" content=\"Rivista Bergamaschi nel Mondo - Coral Giuseppe Verd\u00ec\" \/>\n<meta property=\"og:description\" content=\"Rivista Bergamaschi nel Mondo del primo (1\u00b0) semestre del 2025, con il focus delle nostre attivit\u00e0 alle pagine da 10 a 15. \u00c8 importante condividerlo per la conoscenza della nostra comunit\u00e0. Fonte: Bergamaschi nel mondo 2025-06\" \/>\n<meta property=\"og:url\" content=\"https:\/\/coralgiuseppeverdi.com.br\/it\/2025\/07\/16\/rivista-bergamaschi-nel-mondo\/\" \/>\n<meta property=\"og:site_name\" content=\"Coral Giuseppe Verd\u00ec\" \/>\n<meta property=\"article:publisher\" content=\"https:\/\/www.facebook.com\/associacaoitalianacoralsaojosedebotuvera\/?locale=sv_SE\" \/>\n<meta property=\"article:published_time\" content=\"2025-07-16T11:05:45+00:00\" \/>\n<meta property=\"article:modified_time\" content=\"2025-07-16T11:09:21+00:00\" \/>\n<meta property=\"og:image\" content=\"https:\/\/coralgiuseppeverdi.com.br\/wp-content\/uploads\/2025\/07\/Bergamaschi-nel-mondo-2025-07-1-imagens-0-scaled.jpg\" \/>\n\t<meta property=\"og:image:width\" content=\"1811\" \/>\n\t<meta property=\"og:image:height\" content=\"2560\" \/>\n\t<meta property=\"og:image:type\" content=\"image\/jpeg\" \/>\n<meta name=\"author\" content=\"FabioMaestri\" \/>\n<meta name=\"twitter:card\" content=\"summary_large_image\" \/>\n<meta name=\"twitter:label1\" content=\"Scritto da\" \/>\n\t<meta name=\"twitter:data1\" content=\"FabioMaestri\" \/>\n\t<meta name=\"twitter:label2\" content=\"Tempo di lettura stimato\" \/>\n\t<meta name=\"twitter:data2\" content=\"2 minuti\" \/>\n<script type=\"application\/ld+json\" class=\"yoast-schema-graph\">{\"@context\":\"https:\\\/\\\/schema.org\",\"@graph\":[{\"@type\":\"Article\",\"@id\":\"https:\\\/\\\/coralgiuseppeverdi.com.br\\\/it\\\/2025\\\/07\\\/16\\\/rivista-bergamaschi-nel-mondo\\\/#article\",\"isPartOf\":{\"@id\":\"https:\\\/\\\/coralgiuseppeverdi.com.br\\\/it\\\/2025\\\/07\\\/16\\\/rivista-bergamaschi-nel-mondo\\\/\"},\"author\":{\"name\":\"FabioMaestri\",\"@id\":\"https:\\\/\\\/coralgiuseppeverdi.com.br\\\/it\\\/#\\\/schema\\\/person\\\/ca000c5b2d0f472b84f66861b78dab49\"},\"headline\":\"Rivista Bergamaschi nel Mondo\",\"datePublished\":\"2025-07-16T11:05:45+00:00\",\"dateModified\":\"2025-07-16T11:09:21+00:00\",\"mainEntityOfPage\":{\"@id\":\"https:\\\/\\\/coralgiuseppeverdi.com.br\\\/it\\\/2025\\\/07\\\/16\\\/rivista-bergamaschi-nel-mondo\\\/\"},\"wordCount\":35,\"publisher\":{\"@id\":\"https:\\\/\\\/coralgiuseppeverdi.com.br\\\/it\\\/#organization\"},\"image\":{\"@id\":\"https:\\\/\\\/coralgiuseppeverdi.com.br\\\/it\\\/2025\\\/07\\\/16\\\/rivista-bergamaschi-nel-mondo\\\/#primaryimage\"},\"thumbnailUrl\":\"https:\\\/\\\/coralgiuseppeverdi.com.br\\\/wp-content\\\/uploads\\\/2025\\\/07\\\/Bergamaschi-nel-mondo-2025-07-1-imagens-0-724x1024.jpg\",\"articleSection\":[\"News\"],\"inLanguage\":\"it-IT\"},{\"@type\":\"WebPage\",\"@id\":\"https:\\\/\\\/coralgiuseppeverdi.com.br\\\/it\\\/2025\\\/07\\\/16\\\/rivista-bergamaschi-nel-mondo\\\/\",\"url\":\"https:\\\/\\\/coralgiuseppeverdi.com.br\\\/it\\\/2025\\\/07\\\/16\\\/rivista-bergamaschi-nel-mondo\\\/\",\"name\":\"Rivista Bergamaschi nel Mondo - Coral Giuseppe Verd\u00ec\",\"isPartOf\":{\"@id\":\"https:\\\/\\\/coralgiuseppeverdi.com.br\\\/it\\\/#website\"},\"primaryImageOfPage\":{\"@id\":\"https:\\\/\\\/coralgiuseppeverdi.com.br\\\/it\\\/2025\\\/07\\\/16\\\/rivista-bergamaschi-nel-mondo\\\/#primaryimage\"},\"image\":{\"@id\":\"https:\\\/\\\/coralgiuseppeverdi.com.br\\\/it\\\/2025\\\/07\\\/16\\\/rivista-bergamaschi-nel-mondo\\\/#primaryimage\"},\"thumbnailUrl\":\"https:\\\/\\\/coralgiuseppeverdi.com.br\\\/wp-content\\\/uploads\\\/2025\\\/07\\\/Bergamaschi-nel-mondo-2025-07-1-imagens-0-724x1024.jpg\",\"datePublished\":\"2025-07-16T11:05:45+00:00\",\"dateModified\":\"2025-07-16T11:09:21+00:00\",\"breadcrumb\":{\"@id\":\"https:\\\/\\\/coralgiuseppeverdi.com.br\\\/it\\\/2025\\\/07\\\/16\\\/rivista-bergamaschi-nel-mondo\\\/#breadcrumb\"},\"inLanguage\":\"it-IT\",\"potentialAction\":[{\"@type\":\"ReadAction\",\"target\":[\"https:\\\/\\\/coralgiuseppeverdi.com.br\\\/it\\\/2025\\\/07\\\/16\\\/rivista-bergamaschi-nel-mondo\\\/\"]}]},{\"@type\":\"ImageObject\",\"inLanguage\":\"it-IT\",\"@id\":\"https:\\\/\\\/coralgiuseppeverdi.com.br\\\/it\\\/2025\\\/07\\\/16\\\/rivista-bergamaschi-nel-mondo\\\/#primaryimage\",\"url\":\"https:\\\/\\\/coralgiuseppeverdi.com.br\\\/wp-content\\\/uploads\\\/2025\\\/07\\\/Bergamaschi-nel-mondo-2025-07-1-imagens-0-724x1024.jpg\",\"contentUrl\":\"https:\\\/\\\/coralgiuseppeverdi.com.br\\\/wp-content\\\/uploads\\\/2025\\\/07\\\/Bergamaschi-nel-mondo-2025-07-1-imagens-0-724x1024.jpg\"},{\"@type\":\"BreadcrumbList\",\"@id\":\"https:\\\/\\\/coralgiuseppeverdi.com.br\\\/it\\\/2025\\\/07\\\/16\\\/rivista-bergamaschi-nel-mondo\\\/#breadcrumb\",\"itemListElement\":[{\"@type\":\"ListItem\",\"position\":1,\"name\":\"Home\",\"item\":\"https:\\\/\\\/coralgiuseppeverdi.com.br\\\/it\\\/\"},{\"@type\":\"ListItem\",\"position\":2,\"name\":\"Rivista Bergamaschi nel Mondo\"}]},{\"@type\":\"WebSite\",\"@id\":\"https:\\\/\\\/coralgiuseppeverdi.com.br\\\/it\\\/#website\",\"url\":\"https:\\\/\\\/coralgiuseppeverdi.com.br\\\/it\\\/\",\"name\":\"Coral Giuseppe Verd\u00ec\",\"description\":\"Associa\u00e7\u00e3o Italiana Coral S\u00e3o Jos\u00e9 de Botuver\u00e1\",\"publisher\":{\"@id\":\"https:\\\/\\\/coralgiuseppeverdi.com.br\\\/it\\\/#organization\"},\"potentialAction\":[{\"@type\":\"SearchAction\",\"target\":{\"@type\":\"EntryPoint\",\"urlTemplate\":\"https:\\\/\\\/coralgiuseppeverdi.com.br\\\/it\\\/?s={search_term_string}\"},\"query-input\":{\"@type\":\"PropertyValueSpecification\",\"valueRequired\":true,\"valueName\":\"search_term_string\"}}],\"inLanguage\":\"it-IT\"},{\"@type\":\"Organization\",\"@id\":\"https:\\\/\\\/coralgiuseppeverdi.com.br\\\/it\\\/#organization\",\"name\":\"Coral Giuseppe Verd\u00ec ASSOCIAZIONE ITALIANA CORALLO S\u00c3O JOS\u00c9 DE BOTUVER\u00c0\",\"url\":\"https:\\\/\\\/coralgiuseppeverdi.com.br\\\/it\\\/\",\"logo\":{\"@type\":\"ImageObject\",\"inLanguage\":\"it-IT\",\"@id\":\"https:\\\/\\\/coralgiuseppeverdi.com.br\\\/it\\\/#\\\/schema\\\/logo\\\/image\\\/\",\"url\":\"https:\\\/\\\/coralgiuseppeverdi.com.br\\\/wp-content\\\/uploads\\\/2021\\\/06\\\/topo-coral-turismo.png\",\"contentUrl\":\"https:\\\/\\\/coralgiuseppeverdi.com.br\\\/wp-content\\\/uploads\\\/2021\\\/06\\\/topo-coral-turismo.png\",\"width\":1280,\"height\":288,\"caption\":\"Coral Giuseppe Verd\u00ec ASSOCIAZIONE ITALIANA CORALLO S\u00c3O JOS\u00c9 DE BOTUVER\u00c0\"},\"image\":{\"@id\":\"https:\\\/\\\/coralgiuseppeverdi.com.br\\\/it\\\/#\\\/schema\\\/logo\\\/image\\\/\"},\"sameAs\":[\"https:\\\/\\\/www.facebook.com\\\/associacaoitalianacoralsaojosedebotuvera\\\/?locale=sv_SE\",\"https:\\\/\\\/www.instagram.com\\\/coralgiuseppeverdi\\\/\",\"https:\\\/\\\/www.facebook.com\\\/circolobergamaschibotuvera\\\/\",\"https:\\\/\\\/www.instagram.com\\\/circolobotuvera\\\/\"]},{\"@type\":\"Person\",\"@id\":\"https:\\\/\\\/coralgiuseppeverdi.com.br\\\/it\\\/#\\\/schema\\\/person\\\/ca000c5b2d0f472b84f66861b78dab49\",\"name\":\"FabioMaestri\",\"image\":{\"@type\":\"ImageObject\",\"inLanguage\":\"it-IT\",\"@id\":\"https:\\\/\\\/secure.gravatar.com\\\/avatar\\\/69c2caf06d7dd8e768be6f150c70e47ddb829d190d18e09fe28b0a4898dcae65?s=96&d=mm&r=g\",\"url\":\"https:\\\/\\\/secure.gravatar.com\\\/avatar\\\/69c2caf06d7dd8e768be6f150c70e47ddb829d190d18e09fe28b0a4898dcae65?s=96&d=mm&r=g\",\"contentUrl\":\"https:\\\/\\\/secure.gravatar.com\\\/avatar\\\/69c2caf06d7dd8e768be6f150c70e47ddb829d190d18e09fe28b0a4898dcae65?s=96&d=mm&r=g\",\"caption\":\"FabioMaestri\"},\"url\":\"https:\\\/\\\/coralgiuseppeverdi.com.br\\\/it\\\/author\\\/fabiomaestri\\\/\"}]}<\/script>\n<!-- \/ Yoast SEO plugin. -->","yoast_head_json":{"title":"Rivista Bergamaschi nel Mondo - Coral Giuseppe Verd\u00ec","robots":{"index":"index","follow":"follow","max-snippet":"max-snippet:-1","max-image-preview":"max-image-preview:large","max-video-preview":"max-video-preview:-1"},"canonical":"https:\/\/coralgiuseppeverdi.com.br\/it\/2025\/07\/16\/rivista-bergamaschi-nel-mondo\/","og_locale":"it_IT","og_type":"article","og_title":"Rivista Bergamaschi nel Mondo - Coral Giuseppe Verd\u00ec","og_description":"Rivista Bergamaschi nel Mondo del primo (1\u00b0) semestre del 2025, con il focus delle nostre attivit\u00e0 alle pagine da 10 a 15. \u00c8 importante condividerlo per la conoscenza della nostra comunit\u00e0. Fonte: Bergamaschi nel mondo 2025-06","og_url":"https:\/\/coralgiuseppeverdi.com.br\/it\/2025\/07\/16\/rivista-bergamaschi-nel-mondo\/","og_site_name":"Coral Giuseppe Verd\u00ec","article_publisher":"https:\/\/www.facebook.com\/associacaoitalianacoralsaojosedebotuvera\/?locale=sv_SE","article_published_time":"2025-07-16T11:05:45+00:00","article_modified_time":"2025-07-16T11:09:21+00:00","og_image":[{"width":1811,"height":2560,"url":"https:\/\/coralgiuseppeverdi.com.br\/wp-content\/uploads\/2025\/07\/Bergamaschi-nel-mondo-2025-07-1-imagens-0-scaled.jpg","type":"image\/jpeg"}],"author":"FabioMaestri","twitter_card":"summary_large_image","twitter_misc":{"Scritto da":"FabioMaestri","Tempo di lettura stimato":"2 minuti"},"schema":{"@context":"https:\/\/schema.org","@graph":[{"@type":"Article","@id":"https:\/\/coralgiuseppeverdi.com.br\/it\/2025\/07\/16\/rivista-bergamaschi-nel-mondo\/#article","isPartOf":{"@id":"https:\/\/coralgiuseppeverdi.com.br\/it\/2025\/07\/16\/rivista-bergamaschi-nel-mondo\/"},"author":{"name":"FabioMaestri","@id":"https:\/\/coralgiuseppeverdi.com.br\/it\/#\/schema\/person\/ca000c5b2d0f472b84f66861b78dab49"},"headline":"Rivista Bergamaschi nel Mondo","datePublished":"2025-07-16T11:05:45+00:00","dateModified":"2025-07-16T11:09:21+00:00","mainEntityOfPage":{"@id":"https:\/\/coralgiuseppeverdi.com.br\/it\/2025\/07\/16\/rivista-bergamaschi-nel-mondo\/"},"wordCount":35,"publisher":{"@id":"https:\/\/coralgiuseppeverdi.com.br\/it\/#organization"},"image":{"@id":"https:\/\/coralgiuseppeverdi.com.br\/it\/2025\/07\/16\/rivista-bergamaschi-nel-mondo\/#primaryimage"},"thumbnailUrl":"https:\/\/coralgiuseppeverdi.com.br\/wp-content\/uploads\/2025\/07\/Bergamaschi-nel-mondo-2025-07-1-imagens-0-724x1024.jpg","articleSection":["News"],"inLanguage":"it-IT"},{"@type":"WebPage","@id":"https:\/\/coralgiuseppeverdi.com.br\/it\/2025\/07\/16\/rivista-bergamaschi-nel-mondo\/","url":"https:\/\/coralgiuseppeverdi.com.br\/it\/2025\/07\/16\/rivista-bergamaschi-nel-mondo\/","name":"Rivista Bergamaschi nel Mondo - Coral Giuseppe Verd\u00ec","isPartOf":{"@id":"https:\/\/coralgiuseppeverdi.com.br\/it\/#website"},"primaryImageOfPage":{"@id":"https:\/\/coralgiuseppeverdi.com.br\/it\/2025\/07\/16\/rivista-bergamaschi-nel-mondo\/#primaryimage"},"image":{"@id":"https:\/\/coralgiuseppeverdi.com.br\/it\/2025\/07\/16\/rivista-bergamaschi-nel-mondo\/#primaryimage"},"thumbnailUrl":"https:\/\/coralgiuseppeverdi.com.br\/wp-content\/uploads\/2025\/07\/Bergamaschi-nel-mondo-2025-07-1-imagens-0-724x1024.jpg","datePublished":"2025-07-16T11:05:45+00:00","dateModified":"2025-07-16T11:09:21+00:00","breadcrumb":{"@id":"https:\/\/coralgiuseppeverdi.com.br\/it\/2025\/07\/16\/rivista-bergamaschi-nel-mondo\/#breadcrumb"},"inLanguage":"it-IT","potentialAction":[{"@type":"ReadAction","target":["https:\/\/coralgiuseppeverdi.com.br\/it\/2025\/07\/16\/rivista-bergamaschi-nel-mondo\/"]}]},{"@type":"ImageObject","inLanguage":"it-IT","@id":"https:\/\/coralgiuseppeverdi.com.br\/it\/2025\/07\/16\/rivista-bergamaschi-nel-mondo\/#primaryimage","url":"https:\/\/coralgiuseppeverdi.com.br\/wp-content\/uploads\/2025\/07\/Bergamaschi-nel-mondo-2025-07-1-imagens-0-724x1024.jpg","contentUrl":"https:\/\/coralgiuseppeverdi.com.br\/wp-content\/uploads\/2025\/07\/Bergamaschi-nel-mondo-2025-07-1-imagens-0-724x1024.jpg"},{"@type":"BreadcrumbList","@id":"https:\/\/coralgiuseppeverdi.com.br\/it\/2025\/07\/16\/rivista-bergamaschi-nel-mondo\/#breadcrumb","itemListElement":[{"@type":"ListItem","position":1,"name":"Home","item":"https:\/\/coralgiuseppeverdi.com.br\/it\/"},{"@type":"ListItem","position":2,"name":"Rivista Bergamaschi nel Mondo"}]},{"@type":"WebSite","@id":"https:\/\/coralgiuseppeverdi.com.br\/it\/#website","url":"https:\/\/coralgiuseppeverdi.com.br\/it\/","name":"Coral Giuseppe Verd\u00ec","description":"Associa\u00e7\u00e3o Italiana Coral S\u00e3o Jos\u00e9 de Botuver\u00e1","publisher":{"@id":"https:\/\/coralgiuseppeverdi.com.br\/it\/#organization"},"potentialAction":[{"@type":"SearchAction","target":{"@type":"EntryPoint","urlTemplate":"https:\/\/coralgiuseppeverdi.com.br\/it\/?s={search_term_string}"},"query-input":{"@type":"PropertyValueSpecification","valueRequired":true,"valueName":"search_term_string"}}],"inLanguage":"it-IT"},{"@type":"Organization","@id":"https:\/\/coralgiuseppeverdi.com.br\/it\/#organization","name":"Coral Giuseppe Verd\u00ec ASSOCIAZIONE ITALIANA CORALLO S\u00c3O JOS\u00c9 DE BOTUVER\u00c0","url":"https:\/\/coralgiuseppeverdi.com.br\/it\/","logo":{"@type":"ImageObject","inLanguage":"it-IT","@id":"https:\/\/coralgiuseppeverdi.com.br\/it\/#\/schema\/logo\/image\/","url":"https:\/\/coralgiuseppeverdi.com.br\/wp-content\/uploads\/2021\/06\/topo-coral-turismo.png","contentUrl":"https:\/\/coralgiuseppeverdi.com.br\/wp-content\/uploads\/2021\/06\/topo-coral-turismo.png","width":1280,"height":288,"caption":"Coral Giuseppe Verd\u00ec ASSOCIAZIONE ITALIANA CORALLO S\u00c3O JOS\u00c9 DE BOTUVER\u00c0"},"image":{"@id":"https:\/\/coralgiuseppeverdi.com.br\/it\/#\/schema\/logo\/image\/"},"sameAs":["https:\/\/www.facebook.com\/associacaoitalianacoralsaojosedebotuvera\/?locale=sv_SE","https:\/\/www.instagram.com\/coralgiuseppeverdi\/","https:\/\/www.facebook.com\/circolobergamaschibotuvera\/","https:\/\/www.instagram.com\/circolobotuvera\/"]},{"@type":"Person","@id":"https:\/\/coralgiuseppeverdi.com.br\/it\/#\/schema\/person\/ca000c5b2d0f472b84f66861b78dab49","name":"FabioMaestri","image":{"@type":"ImageObject","inLanguage":"it-IT","@id":"https:\/\/secure.gravatar.com\/avatar\/69c2caf06d7dd8e768be6f150c70e47ddb829d190d18e09fe28b0a4898dcae65?s=96&d=mm&r=g","url":"https:\/\/secure.gravatar.com\/avatar\/69c2caf06d7dd8e768be6f150c70e47ddb829d190d18e09fe28b0a4898dcae65?s=96&d=mm&r=g","contentUrl":"https:\/\/secure.gravatar.com\/avatar\/69c2caf06d7dd8e768be6f150c70e47ddb829d190d18e09fe28b0a4898dcae65?s=96&d=mm&r=g","caption":"FabioMaestri"},"url":"https:\/\/coralgiuseppeverdi.com.br\/it\/author\/fabiomaestri\/"}]}},"_links":{"self":[{"href":"https:\/\/coralgiuseppeverdi.com.br\/it\/wp-json\/wp\/v2\/posts\/1772","targetHints":{"allow":["GET"]}}],"collection":[{"href":"https:\/\/coralgiuseppeverdi.com.br\/it\/wp-json\/wp\/v2\/posts"}],"about":[{"href":"https:\/\/coralgiuseppeverdi.com.br\/it\/wp-json\/wp\/v2\/types\/post"}],"author":[{"embeddable":true,"href":"https:\/\/coralgiuseppeverdi.com.br\/it\/wp-json\/wp\/v2\/users\/4"}],"replies":[{"embeddable":true,"href":"https:\/\/coralgiuseppeverdi.com.br\/it\/wp-json\/wp\/v2\/comments?post=1772"}],"version-history":[{"count":1,"href":"https:\/\/coralgiuseppeverdi.com.br\/it\/wp-json\/wp\/v2\/posts\/1772\/revisions"}],"predecessor-version":[{"id":1775,"href":"https:\/\/coralgiuseppeverdi.com.br\/it\/wp-json\/wp\/v2\/posts\/1772\/revisions\/1775"}],"wp:attachment":[{"href":"https:\/\/coralgiuseppeverdi.com.br\/it\/wp-json\/wp\/v2\/media?parent=1772"}],"wp:term":[{"taxonomy":"category","embeddable":true,"href":"https:\/\/coralgiuseppeverdi.com.br\/it\/wp-json\/wp\/v2\/categories?post=1772"},{"taxonomy":"post_tag","embeddable":true,"href":"https:\/\/coralgiuseppeverdi.com.br\/it\/wp-json\/wp\/v2\/tags?post=1772"}],"curies":[{"name":"wp","href":"https:\/\/api.w.org\/{rel}","templated":true}]}}